{"id":540,"date":"2021-12-27T08:08:41","date_gmt":"2021-12-27T07:08:41","guid":{"rendered":"https:\/\/aehrenjaade-porz.de\/?p=540"},"modified":"2026-01-30T19:57:50","modified_gmt":"2026-01-30T18:57:50","slug":"voll-auf-den-keks","status":"publish","type":"post","link":"https:\/\/aehrenjaade-porz.de\/?p=540","title":{"rendered":"2022&#8230;? Voll auf den Keks&#8230;"},"content":{"rendered":"\n<p><\/p>\n\n\n\n<figure class=\"wp-block-image size-large\"><img loading=\"lazy\" decoding=\"async\" width=\"1024\" height=\"576\" src=\"https:\/\/aehrenjaade-porz.de\/wp-content\/uploads\/20211215_232338-1024x576.jpg\" alt=\"\" class=\"wp-image-541\" srcset=\"https:\/\/aehrenjaade-porz.de\/wp-content\/uploads\/20211215_232338-1024x576.jpg 1024w, https:\/\/aehrenjaade-porz.de\/wp-content\/uploads\/20211215_232338-300x169.jpg 300w, https:\/\/aehrenjaade-porz.de\/wp-content\/uploads\/20211215_232338-768x432.jpg 768w, https:\/\/aehrenjaade-porz.de\/wp-content\/uploads\/20211215_232338-1536x864.jpg 1536w, https:\/\/aehrenjaade-porz.de\/wp-content\/uploads\/20211215_232338-2048x1152.jpg 2048w\" sizes=\"auto, (max-width: 1024px) 100vw, 1024px\" \/><\/figure>\n\n\n\n<p>&#8230; gegangen ist uns allen das Jahr 2021 mit Corona und ohne Karneval und ohne Feste und Gemeinsamkeiten &#8218;em Veedel&#8216;. <\/p>\n\n\n\n<p>So ist es bestimmt jedem ergangen, und die meisten \u00fcb(t)en sich in Geduld und hoff(t)en auf bessere Zeiten, auf eine neue Session 2021\/2022. <br>Doch aus dem Keks wird wohl wieder ein Pustekuchen. Mit Zuversicht haben wir im Herbst mit neuen Tanzproben f\u00fcr diese Session angefangen, doch kurz vor Weihnachten zeigte sich, dass Sitzungen und Auftritte in 2022 doch nicht stattfinden k\u00f6nnen. Zu hoch die Anforderungen an Organisation und Einschr\u00e4nkungen, sowie sichere Hygienema\u00dfnahmen einzuhalten &#8211; zu gro\u00df die Sorgen, irgendwo in gro\u00dfen Menschenmengen Kontakt zu haben und sich Gef\u00e4hrdungen auszusetzen.<br>Im November haben wir noch ernsthaft unsere Karnevals-Disko FUNKEDANZ als 2G-Fete geplant, und auch unsere Teilnahme am Porzer Zoch 2022 &#8211; nun haben wir das alles aufgegeben und uns auf 2023 vertr\u00f6stet.<\/p>\n\n\n\n<p>&#8222;Et es wie et es&#8220; &#8211; so f\u00e4llt es uns doch schwer sich mit bew\u00e4hrten k\u00f6lschen Spr\u00fcchen (unserem k\u00f6lschen Grundgesetz) \u00fcber die Zeit zu retten. &#8222;Et k\u00fctt wie et k\u00fctt&#8220;, &#8222;Wat fott is is fott&#8220;, &#8222;Nix bliev wie et wor&#8220; bleiben ein kleiner Trost f\u00fcr die Zeit nach der jetzigen Pandemielage &#8211; denn dann &#8222;jeit et widder loss&#8220; und &#8222;da simmer dabei&#8220; &#8230;dat wird prima! <\/p>\n\n\n\n<p>In diesem Sinne w\u00fcnschen wir allen Porzer Jecken und Jeckinnen einen guten Start in ein gesundes und ein hoffentlich wieder erlebnisreiches Jahr 2022. <\/p>\n\n\n\n<p>Dreimol ALAAF!<br>Eure \u00c4hrenjaade <\/p>\n\n\n\n<p>  <br><\/p>\n","protected":false},"excerpt":{"rendered":"<p>&#8230; gegangen ist uns allen das Jahr 2021 mit Corona und ohne Karneval und ohne Feste und Gemeinsamkeiten &#8218;em Veedel&#8216;. So ist es bestimmt jedem &hellip; <\/p>\n","protected":false},"author":1,"featured_media":0,"comment_status":"closed","ping_status":"closed","sticky":true,"template":"","format":"standard","meta":{"footnotes":""},"categories":[1],"tags":[],"class_list":["post-540","post","type-post","status-publish","format-standard","hentry","category-allgemein"],"_links":{"self":[{"href":"https:\/\/aehrenjaade-porz.de\/index.php?rest_route=\/wp\/v2\/posts\/540","targetHints":{"allow":["GET"]}}],"collection":[{"href":"https:\/\/aehrenjaade-porz.de\/index.php?rest_route=\/wp\/v2\/posts"}],"about":[{"href":"https:\/\/aehrenjaade-porz.de\/index.php?rest_route=\/wp\/v2\/types\/post"}],"author":[{"embeddable":true,"href":"https:\/\/aehrenjaade-porz.de\/index.php?rest_route=\/wp\/v2\/users\/1"}],"replies":[{"embeddable":true,"href":"https:\/\/aehrenjaade-porz.de\/index.php?rest_route=%2Fwp%2Fv2%2Fcomments&post=540"}],"version-history":[{"count":3,"href":"https:\/\/aehrenjaade-porz.de\/index.php?rest_route=\/wp\/v2\/posts\/540\/revisions"}],"predecessor-version":[{"id":741,"href":"https:\/\/aehrenjaade-porz.de\/index.php?rest_route=\/wp\/v2\/posts\/540\/revisions\/741"}],"wp:attachment":[{"href":"https:\/\/aehrenjaade-porz.de\/index.php?rest_route=%2Fwp%2Fv2%2Fmedia&parent=540"}],"wp:term":[{"taxonomy":"category","embeddable":true,"href":"https:\/\/aehrenjaade-porz.de\/index.php?rest_route=%2Fwp%2Fv2%2Fcategories&post=540"},{"taxonomy":"post_tag","embeddable":true,"href":"https:\/\/aehrenjaade-porz.de\/index.php?rest_route=%2Fwp%2Fv2%2Ftags&post=540"}],"curies":[{"name":"wp","href":"https:\/\/api.w.org\/{rel}","templated":true}]}}