{"id":567,"date":"2023-01-17T21:35:48","date_gmt":"2023-01-17T20:35:48","guid":{"rendered":"https:\/\/aehrenjaade-porz.de\/?p=567"},"modified":"2023-01-22T12:59:47","modified_gmt":"2023-01-22T11:59:47","slug":"von-null-op-jeck-2023","status":"publish","type":"post","link":"https:\/\/aehrenjaade-porz.de\/?p=567","title":{"rendered":"Von NULL op Jeck 2023"},"content":{"rendered":"\n<p><strong>Da simmer dabei &#8211; dat weed prima!<\/strong><\/p>\n\n\n\n<figure class=\"wp-block-image size-large\"><img loading=\"lazy\" decoding=\"async\" width=\"1024\" height=\"899\" src=\"https:\/\/aehrenjaade-porz.de\/wp-content\/uploads\/2023_Minions_FD_VVK-Aktion-1024x899.jpg\" alt=\"\" class=\"wp-image-568\" srcset=\"https:\/\/aehrenjaade-porz.de\/wp-content\/uploads\/2023_Minions_FD_VVK-Aktion-1024x899.jpg 1024w, https:\/\/aehrenjaade-porz.de\/wp-content\/uploads\/2023_Minions_FD_VVK-Aktion-300x263.jpg 300w, https:\/\/aehrenjaade-porz.de\/wp-content\/uploads\/2023_Minions_FD_VVK-Aktion-768x674.jpg 768w, https:\/\/aehrenjaade-porz.de\/wp-content\/uploads\/2023_Minions_FD_VVK-Aktion-1536x1349.jpg 1536w, https:\/\/aehrenjaade-porz.de\/wp-content\/uploads\/2023_Minions_FD_VVK-Aktion-2048x1798.jpg 2048w\" sizes=\"auto, (max-width: 1024px) 100vw, 1024px\" \/><\/figure>\n\n\n\n<p>&#8230; und mit der ganzen \u00c4hrenjaade-Famillisch auf dem Porzer Rosensonntagszug am 19.02.2023 als Fu\u00dfgruppe #43.<\/p>\n\n\n\n<p>Dreimol Porz, \u00c4hrenjaade und Jeschrebbels &#8211; ALAAF ! <\/p>\n","protected":false},"excerpt":{"rendered":"<p>Da simmer dabei &#8211; dat weed prima! &#8230; und mit der ganzen \u00c4hrenjaade-Famillisch auf dem Porzer Rosensonntagszug am 19.02.2023 als Fu\u00dfgruppe #43. Dreimol Porz, \u00c4hrenjaade &hellip; <\/p>\n","protected":false},"author":1,"featured_media":0,"comment_status":"closed","ping_status":"closed","sticky":true,"template":"","format":"standard","meta":{"footnotes":""},"categories":[1],"tags":[],"class_list":["post-567","post","type-post","status-publish","format-standard","hentry","category-allgemein"],"_links":{"self":[{"href":"https:\/\/aehrenjaade-porz.de\/index.php?rest_route=\/wp\/v2\/posts\/567","targetHints":{"allow":["GET"]}}],"collection":[{"href":"https:\/\/aehrenjaade-porz.de\/index.php?rest_route=\/wp\/v2\/posts"}],"about":[{"href":"https:\/\/aehrenjaade-porz.de\/index.php?rest_route=\/wp\/v2\/types\/post"}],"author":[{"embeddable":true,"href":"https:\/\/aehrenjaade-porz.de\/index.php?rest_route=\/wp\/v2\/users\/1"}],"replies":[{"embeddable":true,"href":"https:\/\/aehrenjaade-porz.de\/index.php?rest_route=%2Fwp%2Fv2%2Fcomments&post=567"}],"version-history":[{"count":2,"href":"https:\/\/aehrenjaade-porz.de\/index.php?rest_route=\/wp\/v2\/posts\/567\/revisions"}],"predecessor-version":[{"id":571,"href":"https:\/\/aehrenjaade-porz.de\/index.php?rest_route=\/wp\/v2\/posts\/567\/revisions\/571"}],"wp:attachment":[{"href":"https:\/\/aehrenjaade-porz.de\/index.php?rest_route=%2Fwp%2Fv2%2Fmedia&parent=567"}],"wp:term":[{"taxonomy":"category","embeddable":true,"href":"https:\/\/aehrenjaade-porz.de\/index.php?rest_route=%2Fwp%2Fv2%2Fcategories&post=567"},{"taxonomy":"post_tag","embeddable":true,"href":"https:\/\/aehrenjaade-porz.de\/index.php?rest_route=%2Fwp%2Fv2%2Ftags&post=567"}],"curies":[{"name":"wp","href":"https:\/\/api.w.org\/{rel}","templated":true}]}}